{"id":5511,"__str__":"Parecer Comiss\u00e3o Constitui\u00e7\u00e3o, Justi\u00e7a e Reda\u00e7\u00e3o n\u00ba 7 de 2023 | Proposi\u00e7\u00e3o inclusa na Ordem do Dia | 03/04/2023","link_detail_backend":"/materia/tramitacao/5511","metadata":{},"timestamp":"2023-04-03T10:38:09.428949-03:00","data_tramitacao":"2023-04-03","data_encaminhamento":null,"urgente":false,"turno":"","texto":"Proposi\u00e7\u00e3o inclusa na ordem do dia.","data_fim_prazo":null,"ip":"179.106.70.221","ultima_edicao":"2023-04-03T10:37:58.832235-03:00","status":18,"materia":1357,"unidade_tramitacao_local":13,"unidade_tramitacao_destino":13,"user":3}