{"id":5256,"__str__":"Mo\u00e7\u00e3o n\u00ba 1 de 2023 | Adiada discuss\u00e3o e vota\u00e7\u00e3o. | 02/03/2023","link_detail_backend":"/materia/tramitacao/5256","metadata":{},"timestamp":"2023-03-03T09:25:10.570693-03:00","data_tramitacao":"2023-03-02","data_encaminhamento":null,"urgente":false,"turno":"","texto":"Adiada discuss\u00e3o e vota\u00e7\u00e3o com pedido de vista do vereador Valdeir Chagas.","data_fim_prazo":null,"ip":"179.106.70.221","ultima_edicao":"2023-03-03T09:24:23.452334-03:00","status":1,"materia":1296,"unidade_tramitacao_local":13,"unidade_tramitacao_destino":12,"user":3}