{"id":488,"__str__":"Requerimento n\u00ba 22 de 2021","link_detail_backend":"/materia/488","metadata":{},"numero":22,"ano":2021,"numero_protocolo":23,"data_apresentacao":"2021-04-06","tipo_apresentacao":"E","data_publicacao":null,"numero_origem_externa":"","ano_origem_externa":null,"data_origem_externa":null,"apelido":"","dias_prazo":null,"data_fim_prazo":null,"em_tramitacao":false,"polemica":false,"objeto":"","complementar":false,"ementa":"Requeiro, nos termos do Regimento Interno, depois de ouvido o plen\u00e1rio, que transforme uma Sess\u00e3o Ordin\u00e1ria em Sess\u00e3o Especial com urg\u00eancia, para debate sobre o tema de tratamento precoce contra a Covid-19, no munic\u00edpio de Itapetinga. Sugerindo que sess\u00e3o seja realizada na quinta-feira (15).","indexacao":"","observacao":"","resultado":"","texto_original":"http://sapl.itapetinga.ba.leg.br/media/sapl/public/materialegislativa/2021/488/022-_requerimento__no_022-21-_tratamento_precoce_2JnVObO.pdf","data_ultima_atualizacao":"2021-12-22T11:50:08.715066-03:00","ip":"192.168.56.1","ultima_edicao":null,"tipo":16,"regime_tramitacao":1,"tipo_origem_externa":null,"local_origem_externa":null,"user":2,"anexadas":[],"autores":[13]}