{"id":2154,"__str__":"Mo\u00e7\u00e3o n\u00ba 48 de 2025","link_detail_backend":"/materia/2154","metadata":{},"numero":48,"ano":2025,"numero_protocolo":256,"data_apresentacao":"2025-06-03","tipo_apresentacao":"","data_publicacao":null,"numero_origem_externa":"","ano_origem_externa":null,"data_origem_externa":null,"apelido":"","dias_prazo":null,"data_fim_prazo":null,"em_tramitacao":false,"polemica":false,"objeto":"","complementar":false,"ementa":"Mo\u00e7\u00e3o de Aplauso aos pastores e pastoras evang\u00e9licos de nosso munic\u00edpio, por ocasi\u00e3o do Dia Nacional da Pastora e do Pastor Evang\u00e9lico, celebrado anualmente no segundo domingo do m\u00eas de junho, conforme estabelecido pela Lei n\u00ba 14.970/2024.","indexacao":"","observacao":"","resultado":"","texto_original":"http://sapl.itapetinga.ba.leg.br/media/sapl/public/materialegislativa/2025/2154/048_-_mocao_de_aplauso_n_048-25_-_dia_nacional_do_pastor_-_pr._jean.pdf","data_ultima_atualizacao":"2025-11-24T14:17:48.702015-03:00","ip":"45.225.14.206","ultima_edicao":"2025-06-03T09:12:21.851172-03:00","tipo":5,"regime_tramitacao":1,"tipo_origem_externa":null,"local_origem_externa":null,"user":3,"anexadas":[],"autores":[192]}