{"id":2134,"__str__":"Requerimento n\u00ba 30 de 2025","link_detail_backend":"/materia/2134","metadata":{},"numero":30,"ano":2025,"numero_protocolo":239,"data_apresentacao":"2025-05-22","tipo_apresentacao":"","data_publicacao":null,"numero_origem_externa":"","ano_origem_externa":null,"data_origem_externa":null,"apelido":"","dias_prazo":null,"data_fim_prazo":null,"em_tramitacao":false,"polemica":false,"objeto":"","complementar":false,"ementa":"Requeiro a realiza\u00e7\u00e3o de uma Sess\u00e3o Especial, no dia 12 de junho do corrente ano, \u00e0s 09:00 horas, em alus\u00e3o ao Dia Mundial do Meio Ambiente, que traz o tema global de 2025: A Polui\u00e7\u00e3o Pl\u00e1stica e a Import\u00e2ncia da Reciclagem.","indexacao":"","observacao":"","resultado":"","texto_original":"http://sapl.itapetinga.ba.leg.br/media/sapl/public/materialegislativa/2025/2134/030_-_requerimento_n_030-25_-_sessao_especial_dia_mundial_do_meio_ambiente_-_pr_jean_e_tele.pdf","data_ultima_atualizacao":"2025-05-27T12:07:49.105700-03:00","ip":"45.225.15.47","ultima_edicao":"2025-05-22T09:11:23.838861-03:00","tipo":16,"regime_tramitacao":1,"tipo_origem_externa":null,"local_origem_externa":null,"user":3,"anexadas":[],"autores":[192,193]}