{"id":2107,"__str__":"Requerimento n\u00ba 28 de 2025","link_detail_backend":"/materia/2107","metadata":{},"numero":28,"ano":2025,"numero_protocolo":224,"data_apresentacao":"2025-05-05","tipo_apresentacao":"","data_publicacao":null,"numero_origem_externa":"","ano_origem_externa":null,"data_origem_externa":null,"apelido":"","dias_prazo":null,"data_fim_prazo":null,"em_tramitacao":false,"polemica":false,"objeto":"","complementar":false,"ementa":"Requeiro a realiza\u00e7\u00e3o de uma Sess\u00e3o Especial, a ser realizada no dia 13 do m\u00eas de maio de 2025, com o objetivo de abordar o tema \u201cCampanha Amigo da Crian\u00e7a, com o objetivo de discutir a destina\u00e7\u00e3o de recursos p\u00fablicos e privados para projetos sociais voltados ao bem-estar e desenvolvimento de crian\u00e7as e adolescentes em situa\u00e7\u00e3o de vulnerabilidade.","indexacao":"","observacao":"","resultado":"","texto_original":"http://sapl.itapetinga.ba.leg.br/media/sapl/public/materialegislativa/2025/2107/028_-_requerimento_n_028-25_-_sessao_especial_campanha_amigo_das_crancas_-_sibele_e_manu.pdf","data_ultima_atualizacao":"2025-05-06T11:57:48.264959-03:00","ip":"45.225.15.9","ultima_edicao":"2025-05-05T10:00:52.952298-03:00","tipo":16,"regime_tramitacao":1,"tipo_origem_externa":null,"local_origem_externa":null,"user":3,"anexadas":[],"autores":[58,57]}