{"id":1601,"__str__":"Projeto de Lei Ordin\u00e1ria do EXECUTIVO n\u00ba 21 de 2023","link_detail_backend":"/materia/1601","metadata":{},"numero":21,"ano":2023,"numero_protocolo":null,"data_apresentacao":"2023-12-04","tipo_apresentacao":"E","data_publicacao":null,"numero_origem_externa":"","ano_origem_externa":null,"data_origem_externa":null,"apelido":"","dias_prazo":null,"data_fim_prazo":null,"em_tramitacao":false,"polemica":false,"objeto":"","complementar":false,"ementa":"Altera o Anexo \u00danico da Lei 1.057, de 29 de janeiro de 2009, que disp\u00f5e sobre a Estrutura Administrativa Organizacional do Munic\u00edpio de Itapetinga, para criar o cargo de Coordenador T\u00e9cnico de C\u00e1lculos e Per\u00edcias, e d\u00e1 outras provid\u00eancias.","indexacao":"","observacao":"","resultado":"","texto_original":"http://sapl.itapetinga.ba.leg.br/media/sapl/public/materialegislativa/2023/1601/plo_021-23.pdf","data_ultima_atualizacao":"2024-03-04T11:55:22.378225-03:00","ip":"179.106.70.221","ultima_edicao":"2023-12-05T11:19:24.950357-03:00","tipo":18,"regime_tramitacao":1,"tipo_origem_externa":null,"local_origem_externa":null,"user":3,"anexadas":[],"autores":[30]}