{"id":1355,"__str__":"Parecer Comiss\u00e3o Constitui\u00e7\u00e3o, Justi\u00e7a e Reda\u00e7\u00e3o n\u00ba 5 de 2023","link_detail_backend":"/materia/1355","metadata":{},"numero":5,"ano":2023,"numero_protocolo":null,"data_apresentacao":"2023-03-22","tipo_apresentacao":"E","data_publicacao":null,"numero_origem_externa":"","ano_origem_externa":null,"data_origem_externa":null,"apelido":"","dias_prazo":null,"data_fim_prazo":null,"em_tramitacao":false,"polemica":false,"objeto":"","complementar":false,"ementa":"PARECER FAVOR\u00c1VEL N\u00ba. 005/2023, ao Projeto de Lei do Legislativo n\u00ba 007/2023, de autoria do Vereador Anderson da Nova que \u201cInstitui no Munic\u00edpio de Itapetinga a semana Municipal do Ciclismo e d\u00e1 outras provid\u00eancias\u201d.","indexacao":"","observacao":"","resultado":"","texto_original":"http://sapl.itapetinga.ba.leg.br/media/sapl/public/materialegislativa/2023/1355/005_-_parecer_favoravel_n_005-23_-_ao_pl_007-23_-_anderson.pdf","data_ultima_atualizacao":"2023-04-04T14:32:19.106594-03:00","ip":"179.106.70.221","ultima_edicao":"2023-03-29T09:33:51.107332-03:00","tipo":19,"regime_tramitacao":1,"tipo_origem_externa":null,"local_origem_externa":null,"user":3,"anexadas":[1322],"autores":[17]}