{"id":1352,"__str__":"Parecer Comiss\u00e3o Constitui\u00e7\u00e3o, Justi\u00e7a e Reda\u00e7\u00e3o n\u00ba 2 de 2023","link_detail_backend":"/materia/1352","metadata":{},"numero":2,"ano":2023,"numero_protocolo":null,"data_apresentacao":"2023-03-22","tipo_apresentacao":"E","data_publicacao":null,"numero_origem_externa":"","ano_origem_externa":null,"data_origem_externa":null,"apelido":"","dias_prazo":null,"data_fim_prazo":null,"em_tramitacao":false,"polemica":false,"objeto":"","complementar":false,"ementa":"PARECER FAVOR\u00c1VEL N\u00ba. 002/2023, ao Projeto de Lei do Legislativo n\u00ba 026/2022, de autoria do Vereadora Sibele Nery que \u201cInstitui a semana da Consci\u00eancia Negra no Munic\u00edpio de Itapetinga-BA e reconhece 20 de Novembro como o dia Nacional da Consci\u00eancia Negra\u201d.","indexacao":"","observacao":"","resultado":"","texto_original":"http://sapl.itapetinga.ba.leg.br/media/sapl/public/materialegislativa/2023/1352/002_-_parecer_favoravel_n_002-23_-_ao_pl_026-22_-_sibele.pdf","data_ultima_atualizacao":"2023-04-04T14:28:08.447514-03:00","ip":"179.106.70.221","ultima_edicao":"2023-03-29T09:14:06.666291-03:00","tipo":19,"regime_tramitacao":1,"tipo_origem_externa":null,"local_origem_externa":null,"user":3,"anexadas":[1244],"autores":[17]}